{"id":901,"date":"2016-08-17T20:48:07","date_gmt":"2016-08-17T18:48:07","guid":{"rendered":"http:\/\/musik.express\/?p=901"},"modified":"2016-08-17T20:48:07","modified_gmt":"2016-08-17T18:48:07","slug":"impressionen-der-feier-am-13-august","status":"publish","type":"post","link":"https:\/\/musik.express\/?p=901","title":{"rendered":"Impressionen der Feier am 13. August"},"content":{"rendered":"<p style=\"text-align: right;\"><em>Fotos: Emanuel Fusillo (<a href=\"http:\/\/www.blickfaenger.eu\">www.blickfaenger.eu<\/a>)<\/em><\/p>\r\nDer Startpfiff gab Dieter H\u00f6fner von der B\u00fcrgerstiftung.\r\n\r\n<a href=\"http:\/\/musik.express\/wp-content\/uploads\/2016\/08\/DSC02568.jpg\"><img loading=\"lazy\" decoding=\"async\" class=\"alignleft size-full wp-image-903\" src=\"http:\/\/musik.express\/wp-content\/uploads\/2016\/08\/DSC02568.jpg\" alt=\"DSC02568\" width=\"668\" height=\"1000\" srcset=\"https:\/\/musik.express\/wp-content\/uploads\/2016\/08\/DSC02568.jpg 668w, https:\/\/musik.express\/wp-content\/uploads\/2016\/08\/DSC02568-200x300.jpg 200w\" sizes=\"auto, (max-width: 668px) 100vw, 668px\" \/><\/a>\r\n<p style=\"text-align: center;\"><a href=\"http:\/\/musik.express\/wp-content\/uploads\/2016\/08\/DSC02279-e1471457254701.jpg\">\u00a0<\/a><\/p>\r\n<p style=\"text-align: left;\">Pantomime Manfred Pomorin er\u00f6ffnete das Programm.<\/p>\r\n<p style=\"text-align: left;\"><a href=\"http:\/\/musik.express\/wp-content\/uploads\/2016\/08\/DSC02279-e1471457254701.jpg\"><img loading=\"lazy\" decoding=\"async\" class=\"alignleft size-full wp-image-888\" src=\"http:\/\/musik.express\/wp-content\/uploads\/2016\/08\/DSC02279-e1471457254701.jpg\" alt=\"DSC02279\" width=\"1000\" height=\"1497\" \/>\r\n<\/a><\/p>\r\n<p style=\"text-align: left;\"><a href=\"http:\/\/musik.express\/wp-content\/uploads\/2016\/08\/C0005-1.jpg\"><img loading=\"lazy\" decoding=\"async\" class=\"size-full wp-image-887 aligncenter\" src=\"http:\/\/musik.express\/wp-content\/uploads\/2016\/08\/C0005-1.jpg\" alt=\"C0005-1\" width=\"1600\" height=\"900\" srcset=\"https:\/\/musik.express\/wp-content\/uploads\/2016\/08\/C0005-1.jpg 1600w, https:\/\/musik.express\/wp-content\/uploads\/2016\/08\/C0005-1-300x169.jpg 300w, https:\/\/musik.express\/wp-content\/uploads\/2016\/08\/C0005-1-768x432.jpg 768w, https:\/\/musik.express\/wp-content\/uploads\/2016\/08\/C0005-1-1024x576.jpg 1024w, https:\/\/musik.express\/wp-content\/uploads\/2016\/08\/C0005-1-500x281.jpg 500w\" sizes=\"auto, (max-width: 1600px) 100vw, 1600px\" \/><\/a> <a href=\"http:\/\/musik.express\/wp-content\/uploads\/2016\/08\/C0004T01-e1471457501117.jpg\"><img loading=\"lazy\" decoding=\"async\" class=\"size-full wp-image-902 aligncenter\" src=\"http:\/\/musik.express\/wp-content\/uploads\/2016\/08\/C0004T01-e1471457501117.jpg\" alt=\"C0004T01\" width=\"1000\" height=\"563\" \/><\/a><\/p>\r\n<p style=\"text-align: left;\">Angelika Walter und Dr. Klaus Lang begr\u00fc\u00dften die G\u00e4ste.<\/p>\r\n<p style=\"text-align: left;\"><a href=\"http:\/\/musik.express\/wp-content\/uploads\/2016\/08\/DSC02374-e1471458042421.jpg\"><img loading=\"lazy\" decoding=\"async\" class=\"size-full wp-image-890 aligncenter\" src=\"http:\/\/musik.express\/wp-content\/uploads\/2016\/08\/DSC02374-e1471458042421.jpg\" alt=\"DSC02374\" width=\"1000\" height=\"668\" \/><\/a><\/p>\r\n<p style=\"text-align: left;\">\u00a0Eine Bl\u00e4sergruppe unter der Leitung von G\u00fcnter Middelberg intonierte Scott Joplins &#8222;The Entertainer&#8220;. Das St\u00fcck fliegt im Musikexpress I aus dem Notenheft. Das Ensemble begleitete auch die &#8222;Osnabr\u00fccker Vocalvielharmonie&#8220; bei der Musikexpress-Hymne von Dietrich von der Hase.<\/p>\r\n<p style=\"text-align: left;\"><a href=\"http:\/\/musik.express\/wp-content\/uploads\/2016\/08\/DSC02425.jpg\"><img loading=\"lazy\" decoding=\"async\" class=\"size-full wp-image-892 aligncenter\" src=\"http:\/\/musik.express\/wp-content\/uploads\/2016\/08\/DSC02425.jpg\" alt=\"DSC02425\" width=\"1069\" height=\"1600\" srcset=\"https:\/\/musik.express\/wp-content\/uploads\/2016\/08\/DSC02425.jpg 1069w, https:\/\/musik.express\/wp-content\/uploads\/2016\/08\/DSC02425-200x300.jpg 200w, https:\/\/musik.express\/wp-content\/uploads\/2016\/08\/DSC02425-768x1149.jpg 768w, https:\/\/musik.express\/wp-content\/uploads\/2016\/08\/DSC02425-684x1024.jpg 684w\" sizes=\"auto, (max-width: 1069px) 100vw, 1069px\" \/><\/a><\/p>\r\n<p style=\"text-align: left;\">Das St\u00fcck wurde von Chorleiter Holger Dolkemeyer gesetzt.<\/p>\r\n<p style=\"text-align: left;\"><a href=\"http:\/\/musik.express\/wp-content\/uploads\/2016\/08\/DSC02517-e1471458461486.jpg\"><img loading=\"lazy\" decoding=\"async\" class=\"size-full wp-image-894 aligncenter\" src=\"http:\/\/musik.express\/wp-content\/uploads\/2016\/08\/DSC02517-e1471458461486.jpg\" alt=\"DSC02517\" width=\"1000\" height=\"668\" \/><\/a><\/p>\r\n<p style=\"text-align: left;\">Die Jazzband der Uni Osnabr\u00fcck &#8222;There They Step&#8220;.<\/p>\r\n<p style=\"text-align: left;\"><a href=\"http:\/\/musik.express\/wp-content\/uploads\/2016\/08\/DSC02431-e1471458718111.jpg\"><img loading=\"lazy\" decoding=\"async\" class=\"size-full wp-image-893 aligncenter\" src=\"http:\/\/musik.express\/wp-content\/uploads\/2016\/08\/DSC02431-e1471458718111.jpg\" alt=\"DSC02431\" width=\"1000\" height=\"668\" \/><\/a><\/p>\r\n<p style=\"text-align: left;\">&#8230;zahlreiches Publikum<\/p>\r\n<p style=\"text-align: left;\"><a href=\"http:\/\/musik.express\/wp-content\/uploads\/2016\/08\/DSC02386.jpg\"><img loading=\"lazy\" decoding=\"async\" class=\"size-full wp-image-891 aligncenter\" src=\"http:\/\/musik.express\/wp-content\/uploads\/2016\/08\/DSC02386.jpg\" alt=\"DSC02386\" width=\"1600\" height=\"1069\" srcset=\"https:\/\/musik.express\/wp-content\/uploads\/2016\/08\/DSC02386.jpg 1600w, https:\/\/musik.express\/wp-content\/uploads\/2016\/08\/DSC02386-300x200.jpg 300w, https:\/\/musik.express\/wp-content\/uploads\/2016\/08\/DSC02386-768x513.jpg 768w, https:\/\/musik.express\/wp-content\/uploads\/2016\/08\/DSC02386-1024x684.jpg 1024w, https:\/\/musik.express\/wp-content\/uploads\/2016\/08\/DSC02386-449x300.jpg 449w\" sizes=\"auto, (max-width: 1600px) 100vw, 1600px\" \/><\/a><a href=\"http:\/\/musik.express\/wp-content\/uploads\/2016\/08\/DSC02596.jpg\"><img loading=\"lazy\" decoding=\"async\" class=\"alignleft size-full wp-image-895\" src=\"http:\/\/musik.express\/wp-content\/uploads\/2016\/08\/DSC02596.jpg\" alt=\"DSC02596\" width=\"1069\" height=\"1600\" srcset=\"https:\/\/musik.express\/wp-content\/uploads\/2016\/08\/DSC02596.jpg 1069w, https:\/\/musik.express\/wp-content\/uploads\/2016\/08\/DSC02596-200x300.jpg 200w, https:\/\/musik.express\/wp-content\/uploads\/2016\/08\/DSC02596-768x1149.jpg 768w, https:\/\/musik.express\/wp-content\/uploads\/2016\/08\/DSC02596-684x1024.jpg 684w\" sizes=\"auto, (max-width: 1069px) 100vw, 1069px\" \/><\/a><\/p>\r\n<p style=\"text-align: left;\">Der Moderator und Musicaldarsteller Simon Frenzel begeisterte mit dem Lied &#8222;Die unstillbare Gier&#8220; aus dem Musical &#8222;Tanz der Vampire&#8220;<\/p>\r\n<p style=\"text-align: left;\"><a href=\"http:\/\/musik.express\/wp-content\/uploads\/2016\/08\/DSC02631-e1471458963501.jpg\"><img loading=\"lazy\" decoding=\"async\" class=\"size-full wp-image-897 aligncenter\" src=\"http:\/\/musik.express\/wp-content\/uploads\/2016\/08\/DSC02631-e1471458963501.jpg\" alt=\"DSC02631\" width=\"1000\" height=\"668\" \/><\/a><\/p>\r\n<p style=\"text-align: left;\">ebenso wie die Brass-Band des Gymnasiums &#8222;In der W\u00fcste&#8220; unter der Leitung von Marc Schr\u00f6er.<\/p>\r\n<p style=\"text-align: left;\"><a href=\"http:\/\/musik.express\/wp-content\/uploads\/2016\/08\/DSC02694-e1471459113905.jpg\"><img loading=\"lazy\" decoding=\"async\" class=\"size-full wp-image-898 aligncenter\" src=\"http:\/\/musik.express\/wp-content\/uploads\/2016\/08\/DSC02694-e1471459113905.jpg\" alt=\"DSC02694\" width=\"1000\" height=\"668\" \/><\/a><\/p>\r\n<p style=\"text-align: left;\">Spa\u00df f\u00fcr Oldie-Fans mit der Gruppe &#8222;6 nach ACHT&#8220;, die den Abschluss des Musikprogramms bildeten.<\/p>\r\n<p style=\"text-align: left;\">Zu sp\u00e4ter Stunde gab es noch Tanz zu orientalischen Kl\u00e4ngen:<\/p>\r\n<p style=\"text-align: left;\"><a href=\"http:\/\/musik.express\/wp-content\/uploads\/2016\/08\/DSC02768-e1471459325115.jpg\"><img loading=\"lazy\" decoding=\"async\" class=\"size-full wp-image-899 aligncenter\" src=\"http:\/\/musik.express\/wp-content\/uploads\/2016\/08\/DSC02768-e1471459325115.jpg\" alt=\"DSC02768\" width=\"1000\" height=\"668\" \/><\/a><\/p>\r\n<p style=\"text-align: left;\">Das Tanzduo &#8222;Jasmin&#8220;<\/p>\r\n<p style=\"text-align: right;\"><a href=\"http:\/\/musik.express\/wp-content\/uploads\/2016\/08\/DSC02955-e1471459383174.jpg\"><img loading=\"lazy\" decoding=\"async\" class=\"size-full wp-image-886 aligncenter\" src=\"http:\/\/musik.express\/wp-content\/uploads\/2016\/08\/DSC02955-e1471459383174.jpg\" alt=\"DSC02955\" width=\"659\" height=\"1000\" \/><\/a><\/p>\r\n<p style=\"text-align: left;\"><\/p>\r\n<p style=\"text-align: left;\"><\/p>","protected":false},"excerpt":{"rendered":"<p>Fotos: Emanuel Fusillo (www.blickfaenger.eu) Der Startpfiff gab Dieter H\u00f6fner von der B\u00fcrgerstiftung. \u00a0 Pantomime Manfred Pomorin er\u00f6ffnete das Programm. Angelika Walter und Dr. Klaus Lang begr\u00fc\u00dften die G\u00e4ste. \u00a0Eine Bl\u00e4sergruppe unter der Leitung von G\u00fcnter Middelberg intonierte Scott Joplins &#8222;The &hellip; <a href=\"https:\/\/musik.express\/?p=901\">Weiterlesen <span class=\"meta-nav\">&rarr;<\/span><\/a><\/p>\n","protected":false},"author":2,"featured_media":0,"comment_status":"closed","ping_status":"open","sticky":false,"template":"","format":"quote","meta":{"footnotes":""},"categories":[1],"tags":[],"class_list":["post-901","post","type-post","status-publish","format-quote","hentry","category-uncategorized","post_format-post-format-quote"],"_links":{"self":[{"href":"https:\/\/musik.express\/index.php?rest_route=\/wp\/v2\/posts\/901","targetHints":{"allow":["GET"]}}],"collection":[{"href":"https:\/\/musik.express\/index.php?rest_route=\/wp\/v2\/posts"}],"about":[{"href":"https:\/\/musik.express\/index.php?rest_route=\/wp\/v2\/types\/post"}],"author":[{"embeddable":true,"href":"https:\/\/musik.express\/index.php?rest_route=\/wp\/v2\/users\/2"}],"replies":[{"embeddable":true,"href":"https:\/\/musik.express\/index.php?rest_route=%2Fwp%2Fv2%2Fcomments&post=901"}],"version-history":[{"count":1,"href":"https:\/\/musik.express\/index.php?rest_route=\/wp\/v2\/posts\/901\/revisions"}],"predecessor-version":[{"id":904,"href":"https:\/\/musik.express\/index.php?rest_route=\/wp\/v2\/posts\/901\/revisions\/904"}],"wp:attachment":[{"href":"https:\/\/musik.express\/index.php?rest_route=%2Fwp%2Fv2%2Fmedia&parent=901"}],"wp:term":[{"taxonomy":"category","embeddable":true,"href":"https:\/\/musik.express\/index.php?rest_route=%2Fwp%2Fv2%2Fcategories&post=901"},{"taxonomy":"post_tag","embeddable":true,"href":"https:\/\/musik.express\/index.php?rest_route=%2Fwp%2Fv2%2Ftags&post=901"}],"curies":[{"name":"wp","href":"https:\/\/api.w.org\/{rel}","templated":true}]}}