{"id":545,"date":"2013-09-16T07:24:22","date_gmt":"2013-09-16T05:24:22","guid":{"rendered":"http:\/\/musik.express\/?p=545"},"modified":"2013-09-16T07:24:22","modified_gmt":"2013-09-16T05:24:22","slug":"musikexpress-auf-reisen","status":"publish","type":"post","link":"https:\/\/musik.express\/?p=545","title":{"rendered":"Musikexpress auf Reisen"},"content":{"rendered":"Am Montag, 16. August und Dienstag, 17. August macht der Musikexpress Station bei der Ausstellung <span style=\"color: #ff0000;\">&#8222;Lebensspuren&#8220;<\/span> in den R\u00e4umen der Firma <span style=\"color: #0000ff;\">osnaM\u00f6bel<\/span>, Karlstr. 69, 49074 Osnabr\u00fcck. Angelika Walter f\u00fchrt Sie w\u00e4hrend der \u00d6ffnungszeit\u00a0von 10-18 Uhr gerne durch die Ausstellung.\r\n\r\n<a href=\"http:\/\/musik.express\/wp-content\/uploads\/2013\/09\/Lebensspuren-IMG_3621.jpg\"><img loading=\"lazy\" decoding=\"async\" class=\"alignright size-full wp-image-547\" alt=\"Lebensspuren IMG_3621\" src=\"http:\/\/musik.express\/wp-content\/uploads\/2013\/09\/Lebensspuren-IMG_3621.jpg\" width=\"1000\" height=\"667\" srcset=\"https:\/\/musik.express\/wp-content\/uploads\/2013\/09\/Lebensspuren-IMG_3621.jpg 1000w, https:\/\/musik.express\/wp-content\/uploads\/2013\/09\/Lebensspuren-IMG_3621-300x200.jpg 300w\" sizes=\"auto, (max-width: 1000px) 100vw, 1000px\" \/><\/a> <a href=\"http:\/\/musik.express\/wp-content\/uploads\/2013\/09\/Lebensspuren-IMG_3612.jpg\"><img loading=\"lazy\" decoding=\"async\" class=\"alignright size-full wp-image-548\" alt=\"Lebensspuren IMG_3612\" src=\"http:\/\/musik.express\/wp-content\/uploads\/2013\/09\/Lebensspuren-IMG_3612.jpg\" width=\"1000\" height=\"667\" srcset=\"https:\/\/musik.express\/wp-content\/uploads\/2013\/09\/Lebensspuren-IMG_3612.jpg 1000w, https:\/\/musik.express\/wp-content\/uploads\/2013\/09\/Lebensspuren-IMG_3612-300x200.jpg 300w\" sizes=\"auto, (max-width: 1000px) 100vw, 1000px\" \/><\/a>\r\n\r\n&nbsp;","protected":false},"excerpt":{"rendered":"<p>Am Montag, 16. August und Dienstag, 17. August macht der Musikexpress Station bei der Ausstellung &#8222;Lebensspuren&#8220; in den R\u00e4umen der Firma osnaM\u00f6bel, Karlstr. 69, 49074 Osnabr\u00fcck. Angelika Walter f\u00fchrt Sie w\u00e4hrend der \u00d6ffnungszeit\u00a0von 10-18 Uhr gerne durch die Ausstellung. &nbsp;<\/p>\n","protected":false},"author":2,"featured_media":0,"comment_status":"closed","ping_status":"open","sticky":false,"template":"","format":"standard","meta":{"footnotes":""},"categories":[1],"tags":[],"class_list":["post-545","post","type-post","status-publish","format-standard","hentry","category-uncategorized"],"_links":{"self":[{"href":"https:\/\/musik.express\/index.php?rest_route=\/wp\/v2\/posts\/545","targetHints":{"allow":["GET"]}}],"collection":[{"href":"https:\/\/musik.express\/index.php?rest_route=\/wp\/v2\/posts"}],"about":[{"href":"https:\/\/musik.express\/index.php?rest_route=\/wp\/v2\/types\/post"}],"author":[{"embeddable":true,"href":"https:\/\/musik.express\/index.php?rest_route=\/wp\/v2\/users\/2"}],"replies":[{"embeddable":true,"href":"https:\/\/musik.express\/index.php?rest_route=%2Fwp%2Fv2%2Fcomments&post=545"}],"version-history":[{"count":1,"href":"https:\/\/musik.express\/index.php?rest_route=\/wp\/v2\/posts\/545\/revisions"}],"predecessor-version":[{"id":549,"href":"https:\/\/musik.express\/index.php?rest_route=\/wp\/v2\/posts\/545\/revisions\/549"}],"wp:attachment":[{"href":"https:\/\/musik.express\/index.php?rest_route=%2Fwp%2Fv2%2Fmedia&parent=545"}],"wp:term":[{"taxonomy":"category","embeddable":true,"href":"https:\/\/musik.express\/index.php?rest_route=%2Fwp%2Fv2%2Fcategories&post=545"},{"taxonomy":"post_tag","embeddable":true,"href":"https:\/\/musik.express\/index.php?rest_route=%2Fwp%2Fv2%2Ftags&post=545"}],"curies":[{"name":"wp","href":"https:\/\/api.w.org\/{rel}","templated":true}]}}