{"id":538,"date":"2013-09-12T18:10:46","date_gmt":"2013-09-12T16:10:46","guid":{"rendered":"http:\/\/musik.express\/?p=538"},"modified":"2013-09-12T18:22:43","modified_gmt":"2013-09-12T16:22:43","slug":"gluehwein-am-musikexpress","status":"publish","type":"post","link":"https:\/\/musik.express\/?p=538","title":{"rendered":"Gl\u00fchwein am Musikexpress"},"content":{"rendered":"Nachdem ich durch Zufall den Einladungsflyer f\u00fcr die Einweihung des ersten Musikexpress gefunden habe, findet das Gl\u00fchwein-Treffen jetzt doch 2 Tage fr\u00fcher als geplant statt, denn an diesem Tag wird das Gem\u00e4lde 27 Jahre alt.\r\n\r\nAm 4. Oktober freue ich mich auf nette Gespr\u00e4che unter der Br\u00fccke. Gl\u00fchwein- und Keksspenden sind willkommen!\r\n\r\n<a href=\"http:\/\/musik.express\/wp-content\/uploads\/2013\/09\/Einweihung-1986-Kopie1.jpg\"><img loading=\"lazy\" decoding=\"async\" class=\"alignright size-full wp-image-543\" alt=\"Einweihung 1986 Kopie\" src=\"http:\/\/musik.express\/wp-content\/uploads\/2013\/09\/Einweihung-1986-Kopie1.jpg\" width=\"1118\" height=\"1561\" srcset=\"https:\/\/musik.express\/wp-content\/uploads\/2013\/09\/Einweihung-1986-Kopie1.jpg 1118w, https:\/\/musik.express\/wp-content\/uploads\/2013\/09\/Einweihung-1986-Kopie1-214x300.jpg 214w, https:\/\/musik.express\/wp-content\/uploads\/2013\/09\/Einweihung-1986-Kopie1-733x1024.jpg 733w\" sizes=\"auto, (max-width: 1118px) 100vw, 1118px\" \/><\/a>","protected":false},"excerpt":{"rendered":"<p>Nachdem ich durch Zufall den Einladungsflyer f\u00fcr die Einweihung des ersten Musikexpress gefunden habe, findet das Gl\u00fchwein-Treffen jetzt doch 2 Tage fr\u00fcher als geplant statt, denn an diesem Tag wird das Gem\u00e4lde 27 Jahre alt. Am 4. Oktober freue ich &hellip; <a href=\"https:\/\/musik.express\/?p=538\">Weiterlesen <span class=\"meta-nav\">&rarr;<\/span><\/a><\/p>\n","protected":false},"author":2,"featured_media":0,"comment_status":"closed","ping_status":"open","sticky":false,"template":"","format":"standard","meta":{"footnotes":""},"categories":[1],"tags":[],"class_list":["post-538","post","type-post","status-publish","format-standard","hentry","category-uncategorized"],"_links":{"self":[{"href":"https:\/\/musik.express\/index.php?rest_route=\/wp\/v2\/posts\/538","targetHints":{"allow":["GET"]}}],"collection":[{"href":"https:\/\/musik.express\/index.php?rest_route=\/wp\/v2\/posts"}],"about":[{"href":"https:\/\/musik.express\/index.php?rest_route=\/wp\/v2\/types\/post"}],"author":[{"embeddable":true,"href":"https:\/\/musik.express\/index.php?rest_route=\/wp\/v2\/users\/2"}],"replies":[{"embeddable":true,"href":"https:\/\/musik.express\/index.php?rest_route=%2Fwp%2Fv2%2Fcomments&post=538"}],"version-history":[{"count":3,"href":"https:\/\/musik.express\/index.php?rest_route=\/wp\/v2\/posts\/538\/revisions"}],"predecessor-version":[{"id":544,"href":"https:\/\/musik.express\/index.php?rest_route=\/wp\/v2\/posts\/538\/revisions\/544"}],"wp:attachment":[{"href":"https:\/\/musik.express\/index.php?rest_route=%2Fwp%2Fv2%2Fmedia&parent=538"}],"wp:term":[{"taxonomy":"category","embeddable":true,"href":"https:\/\/musik.express\/index.php?rest_route=%2Fwp%2Fv2%2Fcategories&post=538"},{"taxonomy":"post_tag","embeddable":true,"href":"https:\/\/musik.express\/index.php?rest_route=%2Fwp%2Fv2%2Ftags&post=538"}],"curies":[{"name":"wp","href":"https:\/\/api.w.org\/{rel}","templated":true}]}}