{"id":233,"date":"2011-08-19T09:23:39","date_gmt":"2011-08-19T07:23:39","guid":{"rendered":"http:\/\/musik.express\/?p=233"},"modified":"2011-08-19T09:24:40","modified_gmt":"2011-08-19T07:24:40","slug":"schneckenpost","status":"publish","type":"post","link":"http:\/\/musik.express\/?p=233","title":{"rendered":"Schneckenpost"},"content":{"rendered":"Die &#8222;gr\u00fcne&#8220; Schnecke hat Gesellschaft bekommen:<a href=\"http:\/\/musik.express\/wp-content\/uploads\/2011\/08\/SchneckeNeu.jpg\"><img loading=\"lazy\" decoding=\"async\" class=\"size-medium wp-image-235 aligncenter\" title=\"Die neue Schnecke wird markiert\" src=\"http:\/\/musik.express\/wp-content\/uploads\/2011\/08\/SchneckeNeu-300x225.jpg\" alt=\"\" width=\"300\" height=\"225\" srcset=\"http:\/\/musik.express\/wp-content\/uploads\/2011\/08\/SchneckeNeu-300x225.jpg 300w, http:\/\/musik.express\/wp-content\/uploads\/2011\/08\/SchneckeNeu-1024x768.jpg 1024w\" sizes=\"auto, (max-width: 300px) 100vw, 300px\" \/><\/a>\r\n\r\n&nbsp;\r\n\r\n<a href=\"http:\/\/musik.express\/wp-content\/uploads\/2011\/08\/SchneckeTraum.jpg\"><img loading=\"lazy\" decoding=\"async\" class=\"size-medium wp-image-234 aligncenter\" title=\"Traum der Schnecke\" src=\"http:\/\/musik.express\/wp-content\/uploads\/2011\/08\/SchneckeTraum-300x225.jpg\" alt=\"\" width=\"300\" height=\"225\" srcset=\"http:\/\/musik.express\/wp-content\/uploads\/2011\/08\/SchneckeTraum-300x225.jpg 300w, http:\/\/musik.express\/wp-content\/uploads\/2011\/08\/SchneckeTraum-1024x768.jpg 1024w\" sizes=\"auto, (max-width: 300px) 100vw, 300px\" \/><\/a>\u00a0Wovon mag diese Schnecke wohl tr\u00e4umen? Vielleicht von einer Weltreise?\r\n\r\nSchneckensichtungen (Gr\u00fcn oder Wei\u00df) bitte melden unter:\r\n\r\n<a href=\"mailto:info@Angelika-Walter.de\">info@Angelika-Walter.de<\/a> \ud83d\ude42","protected":false},"excerpt":{"rendered":"<p>Die &#8222;gr\u00fcne&#8220; Schnecke hat Gesellschaft bekommen: &nbsp; \u00a0Wovon mag diese Schnecke wohl tr\u00e4umen? Vielleicht von einer Weltreise? Schneckensichtungen (Gr\u00fcn oder Wei\u00df) bitte melden unter: info@Angelika-Walter.de \ud83d\ude42<\/p>\n","protected":false},"author":2,"featured_media":0,"comment_status":"open","ping_status":"open","sticky":false,"template":"","format":"standard","meta":{"footnotes":""},"categories":[1],"tags":[],"class_list":["post-233","post","type-post","status-publish","format-standard","hentry","category-uncategorized"],"_links":{"self":[{"href":"http:\/\/musik.express\/index.php?rest_route=\/wp\/v2\/posts\/233","targetHints":{"allow":["GET"]}}],"collection":[{"href":"http:\/\/musik.express\/index.php?rest_route=\/wp\/v2\/posts"}],"about":[{"href":"http:\/\/musik.express\/index.php?rest_route=\/wp\/v2\/types\/post"}],"author":[{"embeddable":true,"href":"http:\/\/musik.express\/index.php?rest_route=\/wp\/v2\/users\/2"}],"replies":[{"embeddable":true,"href":"http:\/\/musik.express\/index.php?rest_route=%2Fwp%2Fv2%2Fcomments&post=233"}],"version-history":[{"count":3,"href":"http:\/\/musik.express\/index.php?rest_route=\/wp\/v2\/posts\/233\/revisions"}],"predecessor-version":[{"id":238,"href":"http:\/\/musik.express\/index.php?rest_route=\/wp\/v2\/posts\/233\/revisions\/238"}],"wp:attachment":[{"href":"http:\/\/musik.express\/index.php?rest_route=%2Fwp%2Fv2%2Fmedia&parent=233"}],"wp:term":[{"taxonomy":"category","embeddable":true,"href":"http:\/\/musik.express\/index.php?rest_route=%2Fwp%2Fv2%2Fcategories&post=233"},{"taxonomy":"post_tag","embeddable":true,"href":"http:\/\/musik.express\/index.php?rest_route=%2Fwp%2Fv2%2Ftags&post=233"}],"curies":[{"name":"wp","href":"https:\/\/api.w.org\/{rel}","templated":true}]}}